{"id":6704,"date":"2026-02-27T22:11:00","date_gmt":"2026-02-27T22:11:00","guid":{"rendered":"https:\/\/proyectos253.com\/?p=6704"},"modified":"2026-03-05T23:47:19","modified_gmt":"2026-03-05T23:47:19","slug":"tus-hijos-deberian-compartir-habitacion","status":"publish","type":"post","link":"https:\/\/proyectos253.com\/en\/tus-hijos-deberian-compartir-habitacion\/","title":{"rendered":"Should your children share a room?"},"content":{"rendered":"<p>As a family grows, it&#039;s important to find the ideal home with the necessary spaces for your children&#039;s emotional, psychological, and social development within the home. That&#039;s why one of the most common questions when choosing a home is: should the children share a room?<\/p>\n\n\n\n<figure class=\"wp-block-image aligncenter size-full\"><img fetchpriority=\"high\" decoding=\"async\" width=\"800\" height=\"517\" src=\"https:\/\/proyectos253.com\/wp-content\/uploads\/2026\/02\/\u00bfTus-hijos-deberian-compartir-habitacion.png\" alt=\"\" class=\"wp-image-6705\" srcset=\"https:\/\/proyectos253.com\/wp-content\/uploads\/2026\/02\/\u00bfTus-hijos-deberian-compartir-habitacion.png 800w, https:\/\/proyectos253.com\/wp-content\/uploads\/2026\/02\/\u00bfTus-hijos-deberian-compartir-habitacion-300x194.png 300w, https:\/\/proyectos253.com\/wp-content\/uploads\/2026\/02\/\u00bfTus-hijos-deberian-compartir-habitacion-768x496.png 768w, https:\/\/proyectos253.com\/wp-content\/uploads\/2026\/02\/\u00bfTus-hijos-deberian-compartir-habitacion-18x12.png 18w\" sizes=\"(max-width: 800px) 100vw, 800px\" \/><\/figure>\n\n\n\n<p>There is no absolute answer to this question, as it depends primarily on family dynamics and the needs of the children according to their personality, age, and, of course, the availability of space at home.<\/p>\n\n\n\n<p>Today, it&#039;s important to recognize that home is more than just a place to sleep; it&#039;s a space where family bonds, trust, identity, and the autonomy of each family member are built. Living in a house with spacious rooms and a well-designed layout, like our residential homes for sale and pre-sale in the Villahermosa Country Club area, will have a positive impact on your children&#039;s personal development at every stage of their growth.&nbsp;<\/p>\n\n\n\n<figure class=\"wp-block-image aligncenter size-full\"><img decoding=\"async\" width=\"800\" height=\"517\" src=\"https:\/\/proyectos253.com\/wp-content\/uploads\/2026\/02\/El-hogar-no-solo-es-un-refugio-de-bienestar-para-tu-familia-tambien-es-un-espacio-para-el-desarrollo-personal.png\" alt=\"\" class=\"wp-image-6706\" srcset=\"https:\/\/proyectos253.com\/wp-content\/uploads\/2026\/02\/El-hogar-no-solo-es-un-refugio-de-bienestar-para-tu-familia-tambien-es-un-espacio-para-el-desarrollo-personal.png 800w, https:\/\/proyectos253.com\/wp-content\/uploads\/2026\/02\/El-hogar-no-solo-es-un-refugio-de-bienestar-para-tu-familia-tambien-es-un-espacio-para-el-desarrollo-personal-300x194.png 300w, https:\/\/proyectos253.com\/wp-content\/uploads\/2026\/02\/El-hogar-no-solo-es-un-refugio-de-bienestar-para-tu-familia-tambien-es-un-espacio-para-el-desarrollo-personal-768x496.png 768w, https:\/\/proyectos253.com\/wp-content\/uploads\/2026\/02\/El-hogar-no-solo-es-un-refugio-de-bienestar-para-tu-familia-tambien-es-un-espacio-para-el-desarrollo-personal-18x12.png 18w\" sizes=\"(max-width: 800px) 100vw, 800px\" \/><\/figure>\n\n\n\n<h2 class=\"wp-block-heading\"><strong><strong><strong><strong><strong><strong>The best time for your children to share a room is\u2026<\/strong><\/strong><\/strong><\/strong><\/strong><\/strong><\/h2>\n\n\n\n<p>The best time to decide whether your children should share a room is during childhood, as their need for privacy is less and living together fosters sibling bonding, companionship, and emotional closeness, contributing to a better relationship. Sharing the same space allows them to learn to live together, negotiate, respect each other, and resolve conflicts from a young age\u2014skills that will be fundamental throughout their lives.<\/p>\n\n\n\n<p>In addition, they will develop greater social skills such as empathy, respect for limits, the ability to dialogue and tolerance, qualities that strengthen their emotional intelligence and their ability to relate to other people inside and outside the family environment.<\/p>\n\n\n\n<p>When you live in a residential house like the ones we have for sale and pre-sale within the country area of Villahermosa, you have the necessary space to decide which is the best room for your children since in addition to the master bedroom, it has 2 secondary bedrooms upstairs.<\/p>\n\n\n\n<figure class=\"wp-block-image aligncenter size-full\"><img decoding=\"async\" width=\"800\" height=\"517\" src=\"https:\/\/proyectos253.com\/wp-content\/uploads\/2026\/02\/Otra-de-las-ventajas-de-que-tus-hijos-compartan-habitacion-es-la-sensacion-de-acompanamiento.png\" alt=\"\" class=\"wp-image-6707\" srcset=\"https:\/\/proyectos253.com\/wp-content\/uploads\/2026\/02\/Otra-de-las-ventajas-de-que-tus-hijos-compartan-habitacion-es-la-sensacion-de-acompanamiento.png 800w, https:\/\/proyectos253.com\/wp-content\/uploads\/2026\/02\/Otra-de-las-ventajas-de-que-tus-hijos-compartan-habitacion-es-la-sensacion-de-acompanamiento-300x194.png 300w, https:\/\/proyectos253.com\/wp-content\/uploads\/2026\/02\/Otra-de-las-ventajas-de-que-tus-hijos-compartan-habitacion-es-la-sensacion-de-acompanamiento-768x496.png 768w, https:\/\/proyectos253.com\/wp-content\/uploads\/2026\/02\/Otra-de-las-ventajas-de-que-tus-hijos-compartan-habitacion-es-la-sensacion-de-acompanamiento-18x12.png 18w\" sizes=\"(max-width: 800px) 100vw, 800px\" \/><\/figure>\n\n\n\n<h2 class=\"wp-block-heading\"><strong><strong><strong><strong><strong><strong>It&#039;s better for everyone to have their own space when\u2026<\/strong><\/strong><\/strong><\/strong><\/strong><\/strong><\/h2>\n\n\n\n<p>As children grow, they build their identity, personality, and independence. At this stage, they begin to require more time for privacy, autonomy, and their own space where they can pursue their interests and personal activities.<\/p>\n\n\n\n<p>One of the main factors that generates these conflicts between children is the difference in their routines and habits. This is more evident when children are at different stages of development, such as adolescence, a period characterized by significant physical, emotional, and psychological changes. During this stage, having their own space can help them strengthen their autonomy, self-confidence, and emotional well-being.<\/p>\n\n\n\n<p>Therefore, as children grow, having independent spaces can foster their individual development without disrupting family life. Our Scandiano and Vittoria residential homes in the Villahermosa country club area, in addition to a master bedroom and two secondary bedrooms, feature a ground-floor space that can be adapted as a study, playroom, or extra bedroom.<\/p>\n\n\n\n<figure class=\"wp-block-image aligncenter size-full\"><img loading=\"lazy\" decoding=\"async\" width=\"800\" height=\"517\" src=\"https:\/\/proyectos253.com\/wp-content\/uploads\/2026\/02\/Cuando-comienza-la-dificultad-para-concentrarse-o-dormir-bien-es-un-buen-momento-de-asignar-una-habitacion-a-cada-uno.png\" alt=\"\" class=\"wp-image-6708\" srcset=\"https:\/\/proyectos253.com\/wp-content\/uploads\/2026\/02\/Cuando-comienza-la-dificultad-para-concentrarse-o-dormir-bien-es-un-buen-momento-de-asignar-una-habitacion-a-cada-uno.png 800w, https:\/\/proyectos253.com\/wp-content\/uploads\/2026\/02\/Cuando-comienza-la-dificultad-para-concentrarse-o-dormir-bien-es-un-buen-momento-de-asignar-una-habitacion-a-cada-uno-300x194.png 300w, https:\/\/proyectos253.com\/wp-content\/uploads\/2026\/02\/Cuando-comienza-la-dificultad-para-concentrarse-o-dormir-bien-es-un-buen-momento-de-asignar-una-habitacion-a-cada-uno-768x496.png 768w, https:\/\/proyectos253.com\/wp-content\/uploads\/2026\/02\/Cuando-comienza-la-dificultad-para-concentrarse-o-dormir-bien-es-un-buen-momento-de-asignar-una-habitacion-a-cada-uno-18x12.png 18w\" sizes=\"(max-width: 800px) 100vw, 800px\" \/><\/figure>\n\n\n\n<h2 class=\"wp-block-heading\"><strong><strong><strong><strong><strong><strong><strong>But, what&#039;s truly important is\u2026<\/strong><\/strong><\/strong><\/strong><\/strong><\/strong><\/strong><\/h2>\n\n\n\n<p>Regardless of whether they share a room or not, what&#039;s truly important is providing them with a quality space within the home. This includes a comfortable bed, good lighting, a personal area where they can study, write, read, practice an instrument, or play, as well as their own storage space for their personal belongings.<\/p>\n\n\n\n<p>Furthermore, it&#039;s essential to establish clear rules for siblings to live together, since, let&#039;s be honest, disagreements can arise in any area of the house, such as the TV room, the garden, the dining room, or the pool. The main goal is not simply to divide physical spaces, but to ensure emotional well-being, personal development, and harmony within the home, creating an environment that meets the needs of each family member.<\/p>\n\n\n\n<h2 class=\"wp-block-heading\"><strong><strong><strong><strong><strong><strong><strong><strong>Choose a home that grows with your family<\/strong><\/strong><\/strong><\/strong><\/strong><\/strong><\/strong><\/strong><\/h2>\n\n\n\n<p>Choosing a home like the residential houses we have available for you in the country area of Villahermosa is a decision made with the future in mind. Our spaces are designed to adapt to your family&#039;s growth, providing the flexibility you need at every stage of your children&#039;s lives.<\/p>\n\n\n\n<p>Invest in a home that contributes to the emotional well-being and integral development of your children, allowing them to grow up in an environment full of possibilities.<\/p>\n\n\n\n<p>Would you like to meet them? <a href=\"https:\/\/proyectos253.com\/en\/contacto\/\">Click here<\/a> and let&#039;s schedule an appointment.<\/p>","protected":false},"excerpt":{"rendered":"<p>Cuando la familia crece, es importante encontrar la casa ideal con los espacios necesarios para un desarrollo emocional, psicol\u00f3gico y social de tus hijos e hijas dentro del hogar. Es por eso que una de las preguntas m\u00e1s comunes al momento de elegir una vivienda es: \u00bflos hijos deber\u00edan compartir habitaci\u00f3n? No hay una respuesta [&hellip;]<\/p>\n","protected":false},"author":1,"featured_media":6709,"comment_status":"open","ping_status":"closed","sticky":false,"template":"","format":"standard","meta":{"_acf_changed":false,"content-type":"","footnotes":""},"categories":[1],"tags":[],"class_list":["post-6704","post","type-post","status-publish","format-standard","has-post-thumbnail","hentry","category-uncategorized"],"acf":[],"yoast_head":"<!-- This site is optimized with the Yoast SEO plugin v27.4 - https:\/\/yoast.com\/product\/yoast-seo-wordpress\/ -->\n<title>Compartir habitaci\u00f3n<\/title>\n<meta name=\"description\" content=\"Descubre las ventajas y desventajas de que tus hijos compartan habitaci\u00f3n, y cu\u00e1l es el mejor momento para hacerlo.\" \/>\n<meta name=\"robots\" content=\"index, follow, max-snippet:-1, max-image-preview:large, max-video-preview:-1\" \/>\n<link rel=\"canonical\" href=\"https:\/\/proyectos253.com\/en\/tus-hijos-deberian-compartir-habitacion\/\" \/>\n<meta property=\"og:locale\" content=\"en_US\" \/>\n<meta property=\"og:type\" content=\"article\" \/>\n<meta property=\"og:title\" content=\"Compartir habitaci\u00f3n\" \/>\n<meta property=\"og:description\" content=\"Descubre las ventajas y desventajas de que tus hijos compartan habitaci\u00f3n, y cu\u00e1l es el mejor momento para hacerlo.\" \/>\n<meta property=\"og:url\" content=\"https:\/\/proyectos253.com\/en\/tus-hijos-deberian-compartir-habitacion\/\" \/>\n<meta property=\"og:site_name\" content=\"Proyectos 253\" \/>\n<meta property=\"article:publisher\" content=\"https:\/\/www.facebook.com\/proyectos253mx\" \/>\n<meta property=\"article:published_time\" content=\"2026-02-27T22:11:00+00:00\" \/>\n<meta property=\"article:modified_time\" content=\"2026-03-05T23:47:19+00:00\" \/>\n<meta property=\"og:image\" content=\"https:\/\/proyectos253.com\/wp-content\/uploads\/2026\/02\/P253-blog-27-feb.png\" \/>\n\t<meta property=\"og:image:width\" content=\"751\" \/>\n\t<meta property=\"og:image:height\" content=\"336\" \/>\n\t<meta property=\"og:image:type\" content=\"image\/png\" \/>\n<meta name=\"author\" content=\"admin\" \/>\n<meta name=\"twitter:card\" content=\"summary_large_image\" \/>\n<meta name=\"twitter:label1\" content=\"Written by\" \/>\n\t<meta name=\"twitter:data1\" content=\"admin\" \/>\n\t<meta name=\"twitter:label2\" content=\"Est. reading time\" \/>\n\t<meta name=\"twitter:data2\" content=\"5 minutes\" \/>\n<script type=\"application\/ld+json\" class=\"yoast-schema-graph\">{\"@context\":\"https:\\\/\\\/schema.org\",\"@graph\":[{\"@type\":\"Article\",\"@id\":\"https:\\\/\\\/proyectos253.com\\\/tus-hijos-deberian-compartir-habitacion\\\/#article\",\"isPartOf\":{\"@id\":\"https:\\\/\\\/proyectos253.com\\\/tus-hijos-deberian-compartir-habitacion\\\/\"},\"author\":{\"name\":\"admin\",\"@id\":\"https:\\\/\\\/proyectos253.com\\\/#\\\/schema\\\/person\\\/2b64211783edc73f2263186bfa8f5cc9\"},\"headline\":\"\u00bfTus hijos deber\u00edan compartir habitaci\u00f3n?\",\"datePublished\":\"2026-02-27T22:11:00+00:00\",\"dateModified\":\"2026-03-05T23:47:19+00:00\",\"mainEntityOfPage\":{\"@id\":\"https:\\\/\\\/proyectos253.com\\\/tus-hijos-deberian-compartir-habitacion\\\/\"},\"wordCount\":814,\"commentCount\":0,\"publisher\":{\"@id\":\"https:\\\/\\\/proyectos253.com\\\/#organization\"},\"image\":{\"@id\":\"https:\\\/\\\/proyectos253.com\\\/tus-hijos-deberian-compartir-habitacion\\\/#primaryimage\"},\"thumbnailUrl\":\"https:\\\/\\\/proyectos253.com\\\/wp-content\\\/uploads\\\/2026\\\/02\\\/P253-blog-27-feb.png\",\"inLanguage\":\"en-US\",\"potentialAction\":[{\"@type\":\"CommentAction\",\"name\":\"Comment\",\"target\":[\"https:\\\/\\\/proyectos253.com\\\/tus-hijos-deberian-compartir-habitacion\\\/#respond\"]}]},{\"@type\":\"WebPage\",\"@id\":\"https:\\\/\\\/proyectos253.com\\\/tus-hijos-deberian-compartir-habitacion\\\/\",\"url\":\"https:\\\/\\\/proyectos253.com\\\/tus-hijos-deberian-compartir-habitacion\\\/\",\"name\":\"Compartir habitaci\u00f3n\",\"isPartOf\":{\"@id\":\"https:\\\/\\\/proyectos253.com\\\/#website\"},\"primaryImageOfPage\":{\"@id\":\"https:\\\/\\\/proyectos253.com\\\/tus-hijos-deberian-compartir-habitacion\\\/#primaryimage\"},\"image\":{\"@id\":\"https:\\\/\\\/proyectos253.com\\\/tus-hijos-deberian-compartir-habitacion\\\/#primaryimage\"},\"thumbnailUrl\":\"https:\\\/\\\/proyectos253.com\\\/wp-content\\\/uploads\\\/2026\\\/02\\\/P253-blog-27-feb.png\",\"datePublished\":\"2026-02-27T22:11:00+00:00\",\"dateModified\":\"2026-03-05T23:47:19+00:00\",\"description\":\"Descubre las ventajas y desventajas de que tus hijos compartan habitaci\u00f3n, y cu\u00e1l es el mejor momento para hacerlo.\",\"breadcrumb\":{\"@id\":\"https:\\\/\\\/proyectos253.com\\\/tus-hijos-deberian-compartir-habitacion\\\/#breadcrumb\"},\"inLanguage\":\"en-US\",\"potentialAction\":[{\"@type\":\"ReadAction\",\"target\":[\"https:\\\/\\\/proyectos253.com\\\/tus-hijos-deberian-compartir-habitacion\\\/\"]}]},{\"@type\":\"ImageObject\",\"inLanguage\":\"en-US\",\"@id\":\"https:\\\/\\\/proyectos253.com\\\/tus-hijos-deberian-compartir-habitacion\\\/#primaryimage\",\"url\":\"https:\\\/\\\/proyectos253.com\\\/wp-content\\\/uploads\\\/2026\\\/02\\\/P253-blog-27-feb.png\",\"contentUrl\":\"https:\\\/\\\/proyectos253.com\\\/wp-content\\\/uploads\\\/2026\\\/02\\\/P253-blog-27-feb.png\",\"width\":751,\"height\":336},{\"@type\":\"BreadcrumbList\",\"@id\":\"https:\\\/\\\/proyectos253.com\\\/tus-hijos-deberian-compartir-habitacion\\\/#breadcrumb\",\"itemListElement\":[{\"@type\":\"ListItem\",\"position\":1,\"name\":\"Portada\",\"item\":\"https:\\\/\\\/proyectos253.com\\\/\"},{\"@type\":\"ListItem\",\"position\":2,\"name\":\"\u00bfTus hijos deber\u00edan compartir habitaci\u00f3n?\"}]},{\"@type\":\"WebSite\",\"@id\":\"https:\\\/\\\/proyectos253.com\\\/#website\",\"url\":\"https:\\\/\\\/proyectos253.com\\\/\",\"name\":\"Proyectos 253\",\"description\":\"Somos una empresa desarrolladora de proyectos inmobiliarios y residenciales en Villahermosa.\",\"publisher\":{\"@id\":\"https:\\\/\\\/proyectos253.com\\\/#organization\"},\"alternateName\":\"Proyectos 253\",\"potentialAction\":[{\"@type\":\"SearchAction\",\"target\":{\"@type\":\"EntryPoint\",\"urlTemplate\":\"https:\\\/\\\/proyectos253.com\\\/?s={search_term_string}\"},\"query-input\":{\"@type\":\"PropertyValueSpecification\",\"valueRequired\":true,\"valueName\":\"search_term_string\"}}],\"inLanguage\":\"en-US\"},{\"@type\":\"Organization\",\"@id\":\"https:\\\/\\\/proyectos253.com\\\/#organization\",\"name\":\"Proyectos 253\",\"alternateName\":\"Proyectos 253\",\"url\":\"https:\\\/\\\/proyectos253.com\\\/\",\"logo\":{\"@type\":\"ImageObject\",\"inLanguage\":\"en-US\",\"@id\":\"https:\\\/\\\/proyectos253.com\\\/#\\\/schema\\\/logo\\\/image\\\/\",\"url\":\"https:\\\/\\\/proyectos253.com\\\/wp-content\\\/uploads\\\/2025\\\/11\\\/img02.png\",\"contentUrl\":\"https:\\\/\\\/proyectos253.com\\\/wp-content\\\/uploads\\\/2025\\\/11\\\/img02.png\",\"width\":696,\"height\":696,\"caption\":\"Proyectos 253\"},\"image\":{\"@id\":\"https:\\\/\\\/proyectos253.com\\\/#\\\/schema\\\/logo\\\/image\\\/\"},\"sameAs\":[\"https:\\\/\\\/www.facebook.com\\\/proyectos253mx\",\"https:\\\/\\\/www.instagram.com\\\/proyectos253mx\\\/\",\"https:\\\/\\\/www.linkedin.com\\\/company\\\/proyectos253mx\\\/\",\"https:\\\/\\\/www.youtube.com\\\/@proyectos253mx\",\"https:\\\/\\\/www.tiktok.com\\\/@proyectos253mx\"]},{\"@type\":\"Person\",\"@id\":\"https:\\\/\\\/proyectos253.com\\\/#\\\/schema\\\/person\\\/2b64211783edc73f2263186bfa8f5cc9\",\"name\":\"admin\",\"image\":{\"@type\":\"ImageObject\",\"inLanguage\":\"en-US\",\"@id\":\"https:\\\/\\\/secure.gravatar.com\\\/avatar\\\/1e6ff35258c1afc171057cbb6bd9783995368692788b58e5d21212d0736e0cfb?s=96&d=mm&r=g\",\"url\":\"https:\\\/\\\/secure.gravatar.com\\\/avatar\\\/1e6ff35258c1afc171057cbb6bd9783995368692788b58e5d21212d0736e0cfb?s=96&d=mm&r=g\",\"contentUrl\":\"https:\\\/\\\/secure.gravatar.com\\\/avatar\\\/1e6ff35258c1afc171057cbb6bd9783995368692788b58e5d21212d0736e0cfb?s=96&d=mm&r=g\",\"caption\":\"admin\"},\"sameAs\":[\"https:\\\/\\\/compassionate-volhard.209-46-125-22.plesk.page\"],\"url\":\"https:\\\/\\\/proyectos253.com\\\/en\\\/author\\\/mich_fid80l2g\\\/\"}]}<\/script>\n<!-- \/ Yoast SEO plugin. -->","yoast_head_json":{"title":"Compartir habitaci\u00f3n","description":"Descubre las ventajas y desventajas de que tus hijos compartan habitaci\u00f3n, y cu\u00e1l es el mejor momento para hacerlo.","robots":{"index":"index","follow":"follow","max-snippet":"max-snippet:-1","max-image-preview":"max-image-preview:large","max-video-preview":"max-video-preview:-1"},"canonical":"https:\/\/proyectos253.com\/en\/tus-hijos-deberian-compartir-habitacion\/","og_locale":"en_US","og_type":"article","og_title":"Compartir habitaci\u00f3n","og_description":"Descubre las ventajas y desventajas de que tus hijos compartan habitaci\u00f3n, y cu\u00e1l es el mejor momento para hacerlo.","og_url":"https:\/\/proyectos253.com\/en\/tus-hijos-deberian-compartir-habitacion\/","og_site_name":"Proyectos 253","article_publisher":"https:\/\/www.facebook.com\/proyectos253mx","article_published_time":"2026-02-27T22:11:00+00:00","article_modified_time":"2026-03-05T23:47:19+00:00","og_image":[{"width":751,"height":336,"url":"https:\/\/proyectos253.com\/wp-content\/uploads\/2026\/02\/P253-blog-27-feb.png","type":"image\/png"}],"author":"admin","twitter_card":"summary_large_image","twitter_misc":{"Written by":"admin","Est. reading time":"5 minutes"},"schema":{"@context":"https:\/\/schema.org","@graph":[{"@type":"Article","@id":"https:\/\/proyectos253.com\/tus-hijos-deberian-compartir-habitacion\/#article","isPartOf":{"@id":"https:\/\/proyectos253.com\/tus-hijos-deberian-compartir-habitacion\/"},"author":{"name":"admin","@id":"https:\/\/proyectos253.com\/#\/schema\/person\/2b64211783edc73f2263186bfa8f5cc9"},"headline":"\u00bfTus hijos deber\u00edan compartir habitaci\u00f3n?","datePublished":"2026-02-27T22:11:00+00:00","dateModified":"2026-03-05T23:47:19+00:00","mainEntityOfPage":{"@id":"https:\/\/proyectos253.com\/tus-hijos-deberian-compartir-habitacion\/"},"wordCount":814,"commentCount":0,"publisher":{"@id":"https:\/\/proyectos253.com\/#organization"},"image":{"@id":"https:\/\/proyectos253.com\/tus-hijos-deberian-compartir-habitacion\/#primaryimage"},"thumbnailUrl":"https:\/\/proyectos253.com\/wp-content\/uploads\/2026\/02\/P253-blog-27-feb.png","inLanguage":"en-US","potentialAction":[{"@type":"CommentAction","name":"Comment","target":["https:\/\/proyectos253.com\/tus-hijos-deberian-compartir-habitacion\/#respond"]}]},{"@type":"WebPage","@id":"https:\/\/proyectos253.com\/tus-hijos-deberian-compartir-habitacion\/","url":"https:\/\/proyectos253.com\/tus-hijos-deberian-compartir-habitacion\/","name":"Compartir habitaci\u00f3n","isPartOf":{"@id":"https:\/\/proyectos253.com\/#website"},"primaryImageOfPage":{"@id":"https:\/\/proyectos253.com\/tus-hijos-deberian-compartir-habitacion\/#primaryimage"},"image":{"@id":"https:\/\/proyectos253.com\/tus-hijos-deberian-compartir-habitacion\/#primaryimage"},"thumbnailUrl":"https:\/\/proyectos253.com\/wp-content\/uploads\/2026\/02\/P253-blog-27-feb.png","datePublished":"2026-02-27T22:11:00+00:00","dateModified":"2026-03-05T23:47:19+00:00","description":"Descubre las ventajas y desventajas de que tus hijos compartan habitaci\u00f3n, y cu\u00e1l es el mejor momento para hacerlo.","breadcrumb":{"@id":"https:\/\/proyectos253.com\/tus-hijos-deberian-compartir-habitacion\/#breadcrumb"},"inLanguage":"en-US","potentialAction":[{"@type":"ReadAction","target":["https:\/\/proyectos253.com\/tus-hijos-deberian-compartir-habitacion\/"]}]},{"@type":"ImageObject","inLanguage":"en-US","@id":"https:\/\/proyectos253.com\/tus-hijos-deberian-compartir-habitacion\/#primaryimage","url":"https:\/\/proyectos253.com\/wp-content\/uploads\/2026\/02\/P253-blog-27-feb.png","contentUrl":"https:\/\/proyectos253.com\/wp-content\/uploads\/2026\/02\/P253-blog-27-feb.png","width":751,"height":336},{"@type":"BreadcrumbList","@id":"https:\/\/proyectos253.com\/tus-hijos-deberian-compartir-habitacion\/#breadcrumb","itemListElement":[{"@type":"ListItem","position":1,"name":"Portada","item":"https:\/\/proyectos253.com\/"},{"@type":"ListItem","position":2,"name":"\u00bfTus hijos deber\u00edan compartir habitaci\u00f3n?"}]},{"@type":"WebSite","@id":"https:\/\/proyectos253.com\/#website","url":"https:\/\/proyectos253.com\/","name":"Projects 253","description":"We are a real estate and residential development company in Villahermosa.","publisher":{"@id":"https:\/\/proyectos253.com\/#organization"},"alternateName":"Proyectos 253","potentialAction":[{"@type":"SearchAction","target":{"@type":"EntryPoint","urlTemplate":"https:\/\/proyectos253.com\/?s={search_term_string}"},"query-input":{"@type":"PropertyValueSpecification","valueRequired":true,"valueName":"search_term_string"}}],"inLanguage":"en-US"},{"@type":"Organization","@id":"https:\/\/proyectos253.com\/#organization","name":"Projects 253","alternateName":"Proyectos 253","url":"https:\/\/proyectos253.com\/","logo":{"@type":"ImageObject","inLanguage":"en-US","@id":"https:\/\/proyectos253.com\/#\/schema\/logo\/image\/","url":"https:\/\/proyectos253.com\/wp-content\/uploads\/2025\/11\/img02.png","contentUrl":"https:\/\/proyectos253.com\/wp-content\/uploads\/2025\/11\/img02.png","width":696,"height":696,"caption":"Proyectos 253"},"image":{"@id":"https:\/\/proyectos253.com\/#\/schema\/logo\/image\/"},"sameAs":["https:\/\/www.facebook.com\/proyectos253mx","https:\/\/www.instagram.com\/proyectos253mx\/","https:\/\/www.linkedin.com\/company\/proyectos253mx\/","https:\/\/www.youtube.com\/@proyectos253mx","https:\/\/www.tiktok.com\/@proyectos253mx"]},{"@type":"Person","@id":"https:\/\/proyectos253.com\/#\/schema\/person\/2b64211783edc73f2263186bfa8f5cc9","name":"admin","image":{"@type":"ImageObject","inLanguage":"en-US","@id":"https:\/\/secure.gravatar.com\/avatar\/1e6ff35258c1afc171057cbb6bd9783995368692788b58e5d21212d0736e0cfb?s=96&d=mm&r=g","url":"https:\/\/secure.gravatar.com\/avatar\/1e6ff35258c1afc171057cbb6bd9783995368692788b58e5d21212d0736e0cfb?s=96&d=mm&r=g","contentUrl":"https:\/\/secure.gravatar.com\/avatar\/1e6ff35258c1afc171057cbb6bd9783995368692788b58e5d21212d0736e0cfb?s=96&d=mm&r=g","caption":"admin"},"sameAs":["https:\/\/compassionate-volhard.209-46-125-22.plesk.page"],"url":"https:\/\/proyectos253.com\/en\/author\/mich_fid80l2g\/"}]}},"_links":{"self":[{"href":"https:\/\/proyectos253.com\/en\/wp-json\/wp\/v2\/posts\/6704","targetHints":{"allow":["GET"]}}],"collection":[{"href":"https:\/\/proyectos253.com\/en\/wp-json\/wp\/v2\/posts"}],"about":[{"href":"https:\/\/proyectos253.com\/en\/wp-json\/wp\/v2\/types\/post"}],"author":[{"embeddable":true,"href":"https:\/\/proyectos253.com\/en\/wp-json\/wp\/v2\/users\/1"}],"replies":[{"embeddable":true,"href":"https:\/\/proyectos253.com\/en\/wp-json\/wp\/v2\/comments?post=6704"}],"version-history":[{"count":3,"href":"https:\/\/proyectos253.com\/en\/wp-json\/wp\/v2\/posts\/6704\/revisions"}],"predecessor-version":[{"id":6712,"href":"https:\/\/proyectos253.com\/en\/wp-json\/wp\/v2\/posts\/6704\/revisions\/6712"}],"wp:featuredmedia":[{"embeddable":true,"href":"https:\/\/proyectos253.com\/en\/wp-json\/wp\/v2\/media\/6709"}],"wp:attachment":[{"href":"https:\/\/proyectos253.com\/en\/wp-json\/wp\/v2\/media?parent=6704"}],"wp:term":[{"taxonomy":"category","embeddable":true,"href":"https:\/\/proyectos253.com\/en\/wp-json\/wp\/v2\/categories?post=6704"},{"taxonomy":"post_tag","embeddable":true,"href":"https:\/\/proyectos253.com\/en\/wp-json\/wp\/v2\/tags?post=6704"}],"curies":[{"name":"wp","href":"https:\/\/api.w.org\/{rel}","templated":true}]}}