{"id":6429,"date":"2025-10-17T23:10:24","date_gmt":"2025-10-17T23:10:24","guid":{"rendered":"https:\/\/proyectos253.com\/?p=6429"},"modified":"2025-10-17T23:10:24","modified_gmt":"2025-10-17T23:10:24","slug":"impulsemos-juntos-a-villahermosa","status":"publish","type":"post","link":"https:\/\/proyectos253.com\/en\/impulsemos-juntos-a-villahermosa\/","title":{"rendered":"Let&#039;s Boost Villahermosa Together"},"content":{"rendered":"<p>As a proud Tabasco-based construction company, we believe in the growth of our state, contributing our part to real estate development in high-value areas like the Country Club in Villahermosa. We offer homes for sale and pre-sale, always with the highest quality and in harmony with nature, committed to a better quality of life.<\/p>\n\n\n\n<p>Therefore, we seek to be part of projects that strengthen and promote the economic, social and urban growth of our state.<\/p>\n\n\n\n<figure class=\"wp-block-image aligncenter size-full\"><img fetchpriority=\"high\" decoding=\"async\" width=\"751\" height=\"336\" src=\"https:\/\/compassionate-volhard.209-46-125-22.plesk.page\/wp-content\/uploads\/2025\/10\/P253-blog-17-oct.png\" alt=\"Muestra Mexicana del Ceb\u00fa\" class=\"wp-image-6436\" srcset=\"https:\/\/proyectos253.com\/wp-content\/uploads\/2025\/10\/P253-blog-17-oct.png 751w, https:\/\/proyectos253.com\/wp-content\/uploads\/2025\/10\/P253-blog-17-oct-300x134.png 300w, https:\/\/proyectos253.com\/wp-content\/uploads\/2025\/10\/P253-blog-17-oct-18x8.png 18w\" sizes=\"(max-width: 751px) 100vw, 751px\" \/><\/figure>\n\n\n\n<h2 class=\"wp-block-heading\"><strong><strong><strong>See you at the 2025 Mexican Zebu Cattle Show!<\/strong><\/strong><\/strong><\/h2>\n\n\n\n<p>Taking place at the Tabasco Park \u201cDora Mar\u00eda\u201d in Villahermosa from November 1st to 9th, 2025, the event will bring together the country&#039;s top cattle ranches and showcase specimens with Mexico&#039;s finest Zebu genetics. This event has established itself as one of the most important in the sector. Organized by the delegate of the National Confederation of Livestock Organizations, the exhibition is expected to feature at least 950 participating ranches, with an economic impact similar to last year&#039;s, representing a significant economic boost for the sector.<\/p>\n\n\n\n<figure class=\"wp-block-image aligncenter size-full\"><img decoding=\"async\" width=\"800\" height=\"517\" src=\"https:\/\/compassionate-volhard.209-46-125-22.plesk.page\/wp-content\/uploads\/2025\/10\/Conoce-razas-y-cruzas-geneticas-como-Simbrah-Beefmaster-Brangus-Holando-Cebu.png\" alt=\"\" class=\"wp-image-6432\" srcset=\"https:\/\/proyectos253.com\/wp-content\/uploads\/2025\/10\/Conoce-razas-y-cruzas-geneticas-como-Simbrah-Beefmaster-Brangus-Holando-Cebu.png 800w, https:\/\/proyectos253.com\/wp-content\/uploads\/2025\/10\/Conoce-razas-y-cruzas-geneticas-como-Simbrah-Beefmaster-Brangus-Holando-Cebu-300x194.png 300w, https:\/\/proyectos253.com\/wp-content\/uploads\/2025\/10\/Conoce-razas-y-cruzas-geneticas-como-Simbrah-Beefmaster-Brangus-Holando-Cebu-768x496.png 768w, https:\/\/proyectos253.com\/wp-content\/uploads\/2025\/10\/Conoce-razas-y-cruzas-geneticas-como-Simbrah-Beefmaster-Brangus-Holando-Cebu-18x12.png 18w\" sizes=\"(max-width: 800px) 100vw, 800px\" \/><\/figure>\n\n\n\n<p>The Mexican Zebu Cattle Show is an international event, bringing together breeders and exhibitors from other Latin American countries and the United States. This makes it a high-profile event, not only for the agricultural sector but also for tourism, promoting lodging, commerce, and the restaurant industry.<\/p>\n\n\n\n<h2 class=\"wp-block-heading\"><strong><strong><strong><strong>How are we going to participate?<\/strong><\/strong><\/strong><\/strong><\/h2>\n\n\n\n<p>With only three editions, this great event has also become a platform to showcase the advantages of living closer to nature, in high-value residential areas with top-quality construction.<\/p>\n\n\n\n<p>In this way, the increased value of the Country area of Villahermosa consolidates the high real estate value of the city.<\/p>\n\n\n\n<figure class=\"wp-block-gallery has-nested-images columns-default is-cropped wp-block-gallery-1 is-layout-flex wp-block-gallery-is-layout-flex\">\n<figure class=\"wp-block-image size-large\"><img decoding=\"async\" width=\"517\" height=\"800\" data-id=\"6433\" src=\"https:\/\/compassionate-volhard.209-46-125-22.plesk.page\/wp-content\/uploads\/2025\/10\/Yonathan-Emir-Guillen-Garcia-Director-General-Proyectos-253.png\" alt=\"\" class=\"wp-image-6433\" srcset=\"https:\/\/proyectos253.com\/wp-content\/uploads\/2025\/10\/Yonathan-Emir-Guillen-Garcia-Director-General-Proyectos-253.png 517w, https:\/\/proyectos253.com\/wp-content\/uploads\/2025\/10\/Yonathan-Emir-Guillen-Garcia-Director-General-Proyectos-253-194x300.png 194w, https:\/\/proyectos253.com\/wp-content\/uploads\/2025\/10\/Yonathan-Emir-Guillen-Garcia-Director-General-Proyectos-253-8x12.png 8w\" sizes=\"(max-width: 517px) 100vw, 517px\" \/><\/figure>\n\n\n\n<figure class=\"wp-block-image size-large\"><img loading=\"lazy\" decoding=\"async\" width=\"517\" height=\"800\" data-id=\"6434\" src=\"https:\/\/compassionate-volhard.209-46-125-22.plesk.page\/wp-content\/uploads\/2025\/10\/Guadalupe-Pamela-Lopez-Samaniego-Gerente-de-Ventas-Proyectos-253.png\" alt=\"\" class=\"wp-image-6434\" srcset=\"https:\/\/proyectos253.com\/wp-content\/uploads\/2025\/10\/Guadalupe-Pamela-Lopez-Samaniego-Gerente-de-Ventas-Proyectos-253.png 517w, https:\/\/proyectos253.com\/wp-content\/uploads\/2025\/10\/Guadalupe-Pamela-Lopez-Samaniego-Gerente-de-Ventas-Proyectos-253-194x300.png 194w, https:\/\/proyectos253.com\/wp-content\/uploads\/2025\/10\/Guadalupe-Pamela-Lopez-Samaniego-Gerente-de-Ventas-Proyectos-253-8x12.png 8w\" sizes=\"(max-width: 517px) 100vw, 517px\" \/><\/figure>\n<\/figure>\n\n\n\n<p>With the help of Yonathan Guill\u00e9n Garc\u00eda, General Director of Proyectos 253, and Guadalupe Pamela L\u00f3pez Samaniego, Sales Manager, you can learn why the comfort, functionality and style of our homes for sale and pre-sale are the best option to invest in your assets.<\/p>\n\n\n\n<p>We know that investing in a home is investing in the future, which is why we look for projects that represent an opportunity for growth both for your assets and for the quality of life of your family.<\/p>\n\n\n\n<p>Come and make your dream home a reality! We&#039;ll be waiting for you at the 2025 Mexican Zebu Cattle Show.<\/p>\n\n\n\n<p>Projects 253 awaits you.<\/p>","protected":false},"excerpt":{"rendered":"<p>Como una constructora orgullosamente tabasque\u00f1a, creemos en el crecimiento de nuestro estado, poniendo nuestro granito de arena dentro del desarrollo inmobiliario en zonas de alta plusval\u00eda como la zona Country de Villahermosa. Contamos con casas en venta y en preventa, siempre con la m\u00e1s alta calidad y en armon\u00eda con la naturaleza, apostando por una [&hellip;]<\/p>\n","protected":false},"author":1,"featured_media":6436,"comment_status":"open","ping_status":"closed","sticky":false,"template":"","format":"standard","meta":{"_acf_changed":false,"content-type":"","footnotes":""},"categories":[1],"tags":[],"class_list":["post-6429","post","type-post","status-publish","format-standard","has-post-thumbnail","hentry","category-uncategorized"],"acf":[],"yoast_head":"<!-- This site is optimized with the Yoast SEO plugin v27.5 - https:\/\/yoast.com\/product\/yoast-seo-wordpress\/ -->\n<title>Naturaleza<\/title>\n<meta name=\"description\" content=\"Conoce lo que es la Muestra Mexicana del Ceb\u00fa y su relevancia para la ciudad de Villahermosa.\" \/>\n<meta name=\"robots\" content=\"index, follow, max-snippet:-1, max-image-preview:large, max-video-preview:-1\" \/>\n<link rel=\"canonical\" href=\"https:\/\/proyectos253.com\/en\/impulsemos-juntos-a-villahermosa\/\" \/>\n<meta property=\"og:locale\" content=\"en_US\" \/>\n<meta property=\"og:type\" content=\"article\" \/>\n<meta property=\"og:title\" content=\"Impulsemos Juntos a Villahermosa\" \/>\n<meta property=\"og:description\" content=\"Conoce lo que es la Muestra Mexicana del Ceb\u00fa y su relevancia para la ciudad de Villahermosa.\" \/>\n<meta property=\"og:url\" content=\"https:\/\/proyectos253.com\/en\/impulsemos-juntos-a-villahermosa\/\" \/>\n<meta property=\"og:site_name\" content=\"Proyectos 253\" \/>\n<meta property=\"article:publisher\" content=\"https:\/\/www.facebook.com\/proyectos253mx\" \/>\n<meta property=\"article:published_time\" content=\"2025-10-17T23:10:24+00:00\" \/>\n<meta property=\"og:image\" content=\"https:\/\/proyectos253.com\/wp-content\/uploads\/2025\/10\/P253-blog-17-oct.png\" \/>\n\t<meta property=\"og:image:width\" content=\"751\" \/>\n\t<meta property=\"og:image:height\" content=\"336\" \/>\n\t<meta property=\"og:image:type\" content=\"image\/png\" \/>\n<meta name=\"author\" content=\"admin\" \/>\n<meta name=\"twitter:card\" content=\"summary_large_image\" \/>\n<meta name=\"twitter:label1\" content=\"Written by\" \/>\n\t<meta name=\"twitter:data1\" content=\"admin\" \/>\n\t<meta name=\"twitter:label2\" content=\"Est. reading time\" \/>\n\t<meta name=\"twitter:data2\" content=\"3 minutes\" \/>\n<script type=\"application\/ld+json\" class=\"yoast-schema-graph\">{\"@context\":\"https:\\\/\\\/schema.org\",\"@graph\":[{\"@type\":\"Article\",\"@id\":\"https:\\\/\\\/proyectos253.com\\\/impulsemos-juntos-a-villahermosa\\\/#article\",\"isPartOf\":{\"@id\":\"https:\\\/\\\/proyectos253.com\\\/impulsemos-juntos-a-villahermosa\\\/\"},\"author\":{\"name\":\"admin\",\"@id\":\"https:\\\/\\\/proyectos253.com\\\/#\\\/schema\\\/person\\\/2b64211783edc73f2263186bfa8f5cc9\"},\"headline\":\"Impulsemos Juntos a Villahermosa\",\"datePublished\":\"2025-10-17T23:10:24+00:00\",\"mainEntityOfPage\":{\"@id\":\"https:\\\/\\\/proyectos253.com\\\/impulsemos-juntos-a-villahermosa\\\/\"},\"wordCount\":429,\"commentCount\":0,\"publisher\":{\"@id\":\"https:\\\/\\\/proyectos253.com\\\/#organization\"},\"image\":{\"@id\":\"https:\\\/\\\/proyectos253.com\\\/impulsemos-juntos-a-villahermosa\\\/#primaryimage\"},\"thumbnailUrl\":\"https:\\\/\\\/proyectos253.com\\\/wp-content\\\/uploads\\\/2025\\\/10\\\/P253-blog-17-oct.png\",\"inLanguage\":\"en-US\",\"potentialAction\":[{\"@type\":\"CommentAction\",\"name\":\"Comment\",\"target\":[\"https:\\\/\\\/proyectos253.com\\\/impulsemos-juntos-a-villahermosa\\\/#respond\"]}]},{\"@type\":\"WebPage\",\"@id\":\"https:\\\/\\\/proyectos253.com\\\/impulsemos-juntos-a-villahermosa\\\/\",\"url\":\"https:\\\/\\\/proyectos253.com\\\/impulsemos-juntos-a-villahermosa\\\/\",\"name\":\"Naturaleza\",\"isPartOf\":{\"@id\":\"https:\\\/\\\/proyectos253.com\\\/#website\"},\"primaryImageOfPage\":{\"@id\":\"https:\\\/\\\/proyectos253.com\\\/impulsemos-juntos-a-villahermosa\\\/#primaryimage\"},\"image\":{\"@id\":\"https:\\\/\\\/proyectos253.com\\\/impulsemos-juntos-a-villahermosa\\\/#primaryimage\"},\"thumbnailUrl\":\"https:\\\/\\\/proyectos253.com\\\/wp-content\\\/uploads\\\/2025\\\/10\\\/P253-blog-17-oct.png\",\"datePublished\":\"2025-10-17T23:10:24+00:00\",\"description\":\"Conoce lo que es la Muestra Mexicana del Ceb\u00fa y su relevancia para la ciudad de Villahermosa.\",\"breadcrumb\":{\"@id\":\"https:\\\/\\\/proyectos253.com\\\/impulsemos-juntos-a-villahermosa\\\/#breadcrumb\"},\"inLanguage\":\"en-US\",\"potentialAction\":[{\"@type\":\"ReadAction\",\"target\":[\"https:\\\/\\\/proyectos253.com\\\/impulsemos-juntos-a-villahermosa\\\/\"]}]},{\"@type\":\"ImageObject\",\"inLanguage\":\"en-US\",\"@id\":\"https:\\\/\\\/proyectos253.com\\\/impulsemos-juntos-a-villahermosa\\\/#primaryimage\",\"url\":\"https:\\\/\\\/proyectos253.com\\\/wp-content\\\/uploads\\\/2025\\\/10\\\/P253-blog-17-oct.png\",\"contentUrl\":\"https:\\\/\\\/proyectos253.com\\\/wp-content\\\/uploads\\\/2025\\\/10\\\/P253-blog-17-oct.png\",\"width\":751,\"height\":336,\"caption\":\"Muestra Mexicana del Ceb\u00fa\"},{\"@type\":\"BreadcrumbList\",\"@id\":\"https:\\\/\\\/proyectos253.com\\\/impulsemos-juntos-a-villahermosa\\\/#breadcrumb\",\"itemListElement\":[{\"@type\":\"ListItem\",\"position\":1,\"name\":\"Portada\",\"item\":\"https:\\\/\\\/proyectos253.com\\\/\"},{\"@type\":\"ListItem\",\"position\":2,\"name\":\"Impulsemos Juntos a Villahermosa\"}]},{\"@type\":\"WebSite\",\"@id\":\"https:\\\/\\\/proyectos253.com\\\/#website\",\"url\":\"https:\\\/\\\/proyectos253.com\\\/\",\"name\":\"Proyectos 253\",\"description\":\"Somos una empresa desarrolladora de proyectos inmobiliarios y residenciales en Villahermosa.\",\"publisher\":{\"@id\":\"https:\\\/\\\/proyectos253.com\\\/#organization\"},\"alternateName\":\"Proyectos 253\",\"potentialAction\":[{\"@type\":\"SearchAction\",\"target\":{\"@type\":\"EntryPoint\",\"urlTemplate\":\"https:\\\/\\\/proyectos253.com\\\/?s={search_term_string}\"},\"query-input\":{\"@type\":\"PropertyValueSpecification\",\"valueRequired\":true,\"valueName\":\"search_term_string\"}}],\"inLanguage\":\"en-US\"},{\"@type\":\"Organization\",\"@id\":\"https:\\\/\\\/proyectos253.com\\\/#organization\",\"name\":\"Proyectos 253\",\"alternateName\":\"Proyectos 253\",\"url\":\"https:\\\/\\\/proyectos253.com\\\/\",\"logo\":{\"@type\":\"ImageObject\",\"inLanguage\":\"en-US\",\"@id\":\"https:\\\/\\\/proyectos253.com\\\/#\\\/schema\\\/logo\\\/image\\\/\",\"url\":\"https:\\\/\\\/proyectos253.com\\\/wp-content\\\/uploads\\\/2025\\\/11\\\/img02.png\",\"contentUrl\":\"https:\\\/\\\/proyectos253.com\\\/wp-content\\\/uploads\\\/2025\\\/11\\\/img02.png\",\"width\":696,\"height\":696,\"caption\":\"Proyectos 253\"},\"image\":{\"@id\":\"https:\\\/\\\/proyectos253.com\\\/#\\\/schema\\\/logo\\\/image\\\/\"},\"sameAs\":[\"https:\\\/\\\/www.facebook.com\\\/proyectos253mx\",\"https:\\\/\\\/www.instagram.com\\\/proyectos253mx\\\/\",\"https:\\\/\\\/www.linkedin.com\\\/company\\\/proyectos253mx\\\/\",\"https:\\\/\\\/www.youtube.com\\\/@proyectos253mx\",\"https:\\\/\\\/www.tiktok.com\\\/@proyectos253mx\"]},{\"@type\":\"Person\",\"@id\":\"https:\\\/\\\/proyectos253.com\\\/#\\\/schema\\\/person\\\/2b64211783edc73f2263186bfa8f5cc9\",\"name\":\"admin\",\"image\":{\"@type\":\"ImageObject\",\"inLanguage\":\"en-US\",\"@id\":\"https:\\\/\\\/secure.gravatar.com\\\/avatar\\\/1e6ff35258c1afc171057cbb6bd9783995368692788b58e5d21212d0736e0cfb?s=96&d=mm&r=g\",\"url\":\"https:\\\/\\\/secure.gravatar.com\\\/avatar\\\/1e6ff35258c1afc171057cbb6bd9783995368692788b58e5d21212d0736e0cfb?s=96&d=mm&r=g\",\"contentUrl\":\"https:\\\/\\\/secure.gravatar.com\\\/avatar\\\/1e6ff35258c1afc171057cbb6bd9783995368692788b58e5d21212d0736e0cfb?s=96&d=mm&r=g\",\"caption\":\"admin\"},\"sameAs\":[\"https:\\\/\\\/compassionate-volhard.209-46-125-22.plesk.page\"],\"url\":\"https:\\\/\\\/proyectos253.com\\\/en\\\/author\\\/mich_fid80l2g\\\/\"}]}<\/script>\n<!-- \/ Yoast SEO plugin. -->","yoast_head_json":{"title":"Nature","description":"Conoce lo que es la Muestra Mexicana del Ceb\u00fa y su relevancia para la ciudad de Villahermosa.","robots":{"index":"index","follow":"follow","max-snippet":"max-snippet:-1","max-image-preview":"max-image-preview:large","max-video-preview":"max-video-preview:-1"},"canonical":"https:\/\/proyectos253.com\/en\/impulsemos-juntos-a-villahermosa\/","og_locale":"en_US","og_type":"article","og_title":"Impulsemos Juntos a Villahermosa","og_description":"Conoce lo que es la Muestra Mexicana del Ceb\u00fa y su relevancia para la ciudad de Villahermosa.","og_url":"https:\/\/proyectos253.com\/en\/impulsemos-juntos-a-villahermosa\/","og_site_name":"Proyectos 253","article_publisher":"https:\/\/www.facebook.com\/proyectos253mx","article_published_time":"2025-10-17T23:10:24+00:00","og_image":[{"width":751,"height":336,"url":"https:\/\/proyectos253.com\/wp-content\/uploads\/2025\/10\/P253-blog-17-oct.png","type":"image\/png"}],"author":"admin","twitter_card":"summary_large_image","twitter_misc":{"Written by":"admin","Est. reading time":"3 minutes"},"schema":{"@context":"https:\/\/schema.org","@graph":[{"@type":"Article","@id":"https:\/\/proyectos253.com\/impulsemos-juntos-a-villahermosa\/#article","isPartOf":{"@id":"https:\/\/proyectos253.com\/impulsemos-juntos-a-villahermosa\/"},"author":{"name":"admin","@id":"https:\/\/proyectos253.com\/#\/schema\/person\/2b64211783edc73f2263186bfa8f5cc9"},"headline":"Impulsemos Juntos a Villahermosa","datePublished":"2025-10-17T23:10:24+00:00","mainEntityOfPage":{"@id":"https:\/\/proyectos253.com\/impulsemos-juntos-a-villahermosa\/"},"wordCount":429,"commentCount":0,"publisher":{"@id":"https:\/\/proyectos253.com\/#organization"},"image":{"@id":"https:\/\/proyectos253.com\/impulsemos-juntos-a-villahermosa\/#primaryimage"},"thumbnailUrl":"https:\/\/proyectos253.com\/wp-content\/uploads\/2025\/10\/P253-blog-17-oct.png","inLanguage":"en-US","potentialAction":[{"@type":"CommentAction","name":"Comment","target":["https:\/\/proyectos253.com\/impulsemos-juntos-a-villahermosa\/#respond"]}]},{"@type":"WebPage","@id":"https:\/\/proyectos253.com\/impulsemos-juntos-a-villahermosa\/","url":"https:\/\/proyectos253.com\/impulsemos-juntos-a-villahermosa\/","name":"Nature","isPartOf":{"@id":"https:\/\/proyectos253.com\/#website"},"primaryImageOfPage":{"@id":"https:\/\/proyectos253.com\/impulsemos-juntos-a-villahermosa\/#primaryimage"},"image":{"@id":"https:\/\/proyectos253.com\/impulsemos-juntos-a-villahermosa\/#primaryimage"},"thumbnailUrl":"https:\/\/proyectos253.com\/wp-content\/uploads\/2025\/10\/P253-blog-17-oct.png","datePublished":"2025-10-17T23:10:24+00:00","description":"Conoce lo que es la Muestra Mexicana del Ceb\u00fa y su relevancia para la ciudad de Villahermosa.","breadcrumb":{"@id":"https:\/\/proyectos253.com\/impulsemos-juntos-a-villahermosa\/#breadcrumb"},"inLanguage":"en-US","potentialAction":[{"@type":"ReadAction","target":["https:\/\/proyectos253.com\/impulsemos-juntos-a-villahermosa\/"]}]},{"@type":"ImageObject","inLanguage":"en-US","@id":"https:\/\/proyectos253.com\/impulsemos-juntos-a-villahermosa\/#primaryimage","url":"https:\/\/proyectos253.com\/wp-content\/uploads\/2025\/10\/P253-blog-17-oct.png","contentUrl":"https:\/\/proyectos253.com\/wp-content\/uploads\/2025\/10\/P253-blog-17-oct.png","width":751,"height":336,"caption":"Muestra Mexicana del Ceb\u00fa"},{"@type":"BreadcrumbList","@id":"https:\/\/proyectos253.com\/impulsemos-juntos-a-villahermosa\/#breadcrumb","itemListElement":[{"@type":"ListItem","position":1,"name":"Portada","item":"https:\/\/proyectos253.com\/"},{"@type":"ListItem","position":2,"name":"Impulsemos Juntos a Villahermosa"}]},{"@type":"WebSite","@id":"https:\/\/proyectos253.com\/#website","url":"https:\/\/proyectos253.com\/","name":"Projects 253","description":"We are a real estate and residential development company in Villahermosa.","publisher":{"@id":"https:\/\/proyectos253.com\/#organization"},"alternateName":"Proyectos 253","potentialAction":[{"@type":"SearchAction","target":{"@type":"EntryPoint","urlTemplate":"https:\/\/proyectos253.com\/?s={search_term_string}"},"query-input":{"@type":"PropertyValueSpecification","valueRequired":true,"valueName":"search_term_string"}}],"inLanguage":"en-US"},{"@type":"Organization","@id":"https:\/\/proyectos253.com\/#organization","name":"Projects 253","alternateName":"Proyectos 253","url":"https:\/\/proyectos253.com\/","logo":{"@type":"ImageObject","inLanguage":"en-US","@id":"https:\/\/proyectos253.com\/#\/schema\/logo\/image\/","url":"https:\/\/proyectos253.com\/wp-content\/uploads\/2025\/11\/img02.png","contentUrl":"https:\/\/proyectos253.com\/wp-content\/uploads\/2025\/11\/img02.png","width":696,"height":696,"caption":"Proyectos 253"},"image":{"@id":"https:\/\/proyectos253.com\/#\/schema\/logo\/image\/"},"sameAs":["https:\/\/www.facebook.com\/proyectos253mx","https:\/\/www.instagram.com\/proyectos253mx\/","https:\/\/www.linkedin.com\/company\/proyectos253mx\/","https:\/\/www.youtube.com\/@proyectos253mx","https:\/\/www.tiktok.com\/@proyectos253mx"]},{"@type":"Person","@id":"https:\/\/proyectos253.com\/#\/schema\/person\/2b64211783edc73f2263186bfa8f5cc9","name":"admin","image":{"@type":"ImageObject","inLanguage":"en-US","@id":"https:\/\/secure.gravatar.com\/avatar\/1e6ff35258c1afc171057cbb6bd9783995368692788b58e5d21212d0736e0cfb?s=96&d=mm&r=g","url":"https:\/\/secure.gravatar.com\/avatar\/1e6ff35258c1afc171057cbb6bd9783995368692788b58e5d21212d0736e0cfb?s=96&d=mm&r=g","contentUrl":"https:\/\/secure.gravatar.com\/avatar\/1e6ff35258c1afc171057cbb6bd9783995368692788b58e5d21212d0736e0cfb?s=96&d=mm&r=g","caption":"admin"},"sameAs":["https:\/\/compassionate-volhard.209-46-125-22.plesk.page"],"url":"https:\/\/proyectos253.com\/en\/author\/mich_fid80l2g\/"}]}},"_links":{"self":[{"href":"https:\/\/proyectos253.com\/en\/wp-json\/wp\/v2\/posts\/6429","targetHints":{"allow":["GET"]}}],"collection":[{"href":"https:\/\/proyectos253.com\/en\/wp-json\/wp\/v2\/posts"}],"about":[{"href":"https:\/\/proyectos253.com\/en\/wp-json\/wp\/v2\/types\/post"}],"author":[{"embeddable":true,"href":"https:\/\/proyectos253.com\/en\/wp-json\/wp\/v2\/users\/1"}],"replies":[{"embeddable":true,"href":"https:\/\/proyectos253.com\/en\/wp-json\/wp\/v2\/comments?post=6429"}],"version-history":[{"count":0,"href":"https:\/\/proyectos253.com\/en\/wp-json\/wp\/v2\/posts\/6429\/revisions"}],"wp:featuredmedia":[{"embeddable":true,"href":"https:\/\/proyectos253.com\/en\/wp-json\/wp\/v2\/media\/6436"}],"wp:attachment":[{"href":"https:\/\/proyectos253.com\/en\/wp-json\/wp\/v2\/media?parent=6429"}],"wp:term":[{"taxonomy":"category","embeddable":true,"href":"https:\/\/proyectos253.com\/en\/wp-json\/wp\/v2\/categories?post=6429"},{"taxonomy":"post_tag","embeddable":true,"href":"https:\/\/proyectos253.com\/en\/wp-json\/wp\/v2\/tags?post=6429"}],"curies":[{"name":"wp","href":"https:\/\/api.w.org\/{rel}","templated":true}]}}