{"id":6066,"date":"2025-04-25T20:38:54","date_gmt":"2025-04-25T20:38:54","guid":{"rendered":"https:\/\/staging.proyectos253.com\/?p=6066"},"modified":"2025-04-25T20:38:54","modified_gmt":"2025-04-25T20:38:54","slug":"tu-terraza-un-valor-agregado-en-tu-propiedad","status":"publish","type":"post","link":"https:\/\/proyectos253.com\/en\/tu-terraza-un-valor-agregado-en-tu-propiedad\/","title":{"rendered":"Your terrace, an added value to your property"},"content":{"rendered":"<p>Having a terrace adds real value to your property. With good planning and the right furniture, the terrace and grill can be enjoyed almost year-round. It&#039;s a versatile space that adapts to each season and different times of day, adding functionality to your home.&nbsp;<\/p>\n\n\n\n<p><strong>A place to share and create great memories.<\/strong><\/p>\n\n\n\n<p>A terrace will always be synonymous with family moments. It&#039;s a space that invites conversation, enjoying life and living well; a place where lifelong memories are created. Whether organizing a barbecue on the weekend or holidays, having a casual dinner with friends, or simply spending a quiet evening under the stars in harmony with the surrounding nature.&nbsp;<a href=\"https:\/\/proyectos253.com\/en\/gran-san-marcos-residencial\/\">Gran San Marcos Residential<\/a>. It is a space that invites conversation, laughter and enjoyment, where memories are built to last a lifetime.<\/p>\n\n\n\n<p><strong>A space with multiple benefits<\/strong><br>A terrace allows you to enjoy the outdoors without leaving home. Enjoy moments like taking a nap outdoors, an afternoon of reading, or a stretching routine that, day after day, become wellness rituals. Studies show that spending time outdoors, especially in pleasant, natural environments, reduces stress levels and improves mood.<\/p>\n\n\n\n<p>Engaging in social activities at home, like sharing a barbecue, strengthens emotional bonds, which helps combat anxiety. And if you want some time for yourself, a few minutes a day on the patio have a positive impact on your concentration, memory, creativity, and even your immune system.<\/p>\n\n\n\n<p><strong>An investment that raises your quality of life.<\/strong><br>Having a terrace and barbecue area is a key differentiator in your property&#039;s value. These types of amenities not only increase its appeal but also make your daily life more comfortable, healthy, and enjoyable.<\/p>\n\n\n\n<p>Having a cool outdoor space reduces the need for air conditioning and promotes positive habits like gardening, meditation, or simply disconnecting from electronic devices at home. This helps you reduce energy costs.<\/p>\n\n\n\n<p>Your terrace is an extension of you. That&#039;s why,&nbsp;<a href=\"https:\/\/proyectos253.com\/en\/\">in Projects 253<\/a>&nbsp;We design homes so you can live longer and better, with areas that adapt to your needs and invite you to enjoy every day to the fullest.<\/p>","protected":false},"excerpt":{"rendered":"<p>Cuando tienes una terraza cuentas con un verdadero valor agregado en tu propiedad. Con una buena planificaci\u00f3n y el mobiliario adecuado, la terraza y el asador pueden aprovecharse durante casi todo el a\u00f1o. Es un rinc\u00f3n vers\u00e1til que se adapta a cada estaci\u00f3n y a diferentes momentos del d\u00eda, agregando funcionalidad a tu hogar.&nbsp; Un [&hellip;]<\/p>\n","protected":false},"author":1,"featured_media":6067,"comment_status":"open","ping_status":"closed","sticky":false,"template":"","format":"standard","meta":{"_acf_changed":false,"content-type":"","footnotes":""},"categories":[1],"tags":[],"class_list":["post-6066","post","type-post","status-publish","format-standard","has-post-thumbnail","hentry","category-uncategorized"],"acf":[],"yoast_head":"<!-- This site is optimized with the Yoast SEO plugin v27.5 - https:\/\/yoast.com\/product\/yoast-seo-wordpress\/ -->\n<title>Tu terraza, un valor agregado en tu propiedad - Proyectos 253<\/title>\n<meta name=\"description\" content=\"Elegir una casa con habitaci\u00f3n en planta baja te ofrece m\u00faltiples ventajas, que no solo mejoran la funcionalidad y comodidad del presente.\" \/>\n<meta name=\"robots\" content=\"index, follow, max-snippet:-1, max-image-preview:large, max-video-preview:-1\" \/>\n<link rel=\"canonical\" href=\"https:\/\/proyectos253.com\/en\/tu-terraza-un-valor-agregado-en-tu-propiedad\/\" \/>\n<meta property=\"og:locale\" content=\"en_US\" \/>\n<meta property=\"og:type\" content=\"article\" \/>\n<meta property=\"og:title\" content=\"Tu terraza, un valor agregado en tu propiedad - Proyectos 253\" \/>\n<meta property=\"og:description\" content=\"Elegir una casa con habitaci\u00f3n en planta baja te ofrece m\u00faltiples ventajas, que no solo mejoran la funcionalidad y comodidad del presente.\" \/>\n<meta property=\"og:url\" content=\"https:\/\/proyectos253.com\/en\/tu-terraza-un-valor-agregado-en-tu-propiedad\/\" \/>\n<meta property=\"og:site_name\" content=\"Proyectos 253\" \/>\n<meta property=\"article:publisher\" content=\"https:\/\/www.facebook.com\/proyectos253mx\" \/>\n<meta property=\"article:published_time\" content=\"2025-04-25T20:38:54+00:00\" \/>\n<meta property=\"og:image\" content=\"https:\/\/proyectos253.com\/wp-content\/uploads\/2025\/04\/P253-blog-16-abr.jpg\" \/>\n\t<meta property=\"og:image:width\" content=\"751\" \/>\n\t<meta property=\"og:image:height\" content=\"336\" \/>\n\t<meta property=\"og:image:type\" content=\"image\/jpeg\" \/>\n<meta name=\"author\" content=\"admin\" \/>\n<meta name=\"twitter:card\" content=\"summary_large_image\" \/>\n<meta name=\"twitter:label1\" content=\"Written by\" \/>\n\t<meta name=\"twitter:data1\" content=\"admin\" \/>\n\t<meta name=\"twitter:label2\" content=\"Est. reading time\" \/>\n\t<meta name=\"twitter:data2\" content=\"3 minutes\" \/>\n<script type=\"application\/ld+json\" class=\"yoast-schema-graph\">{\"@context\":\"https:\\\/\\\/schema.org\",\"@graph\":[{\"@type\":\"Article\",\"@id\":\"https:\\\/\\\/proyectos253.com\\\/tu-terraza-un-valor-agregado-en-tu-propiedad\\\/#article\",\"isPartOf\":{\"@id\":\"https:\\\/\\\/proyectos253.com\\\/tu-terraza-un-valor-agregado-en-tu-propiedad\\\/\"},\"author\":{\"name\":\"admin\",\"@id\":\"https:\\\/\\\/proyectos253.com\\\/#\\\/schema\\\/person\\\/2b64211783edc73f2263186bfa8f5cc9\"},\"headline\":\"Tu terraza, un valor agregado en tu propiedad\",\"datePublished\":\"2025-04-25T20:38:54+00:00\",\"mainEntityOfPage\":{\"@id\":\"https:\\\/\\\/proyectos253.com\\\/tu-terraza-un-valor-agregado-en-tu-propiedad\\\/\"},\"wordCount\":458,\"commentCount\":0,\"publisher\":{\"@id\":\"https:\\\/\\\/proyectos253.com\\\/#organization\"},\"image\":{\"@id\":\"https:\\\/\\\/proyectos253.com\\\/tu-terraza-un-valor-agregado-en-tu-propiedad\\\/#primaryimage\"},\"thumbnailUrl\":\"https:\\\/\\\/proyectos253.com\\\/wp-content\\\/uploads\\\/2025\\\/04\\\/P253-blog-16-abr.jpg\",\"inLanguage\":\"en-US\",\"potentialAction\":[{\"@type\":\"CommentAction\",\"name\":\"Comment\",\"target\":[\"https:\\\/\\\/proyectos253.com\\\/tu-terraza-un-valor-agregado-en-tu-propiedad\\\/#respond\"]}]},{\"@type\":\"WebPage\",\"@id\":\"https:\\\/\\\/proyectos253.com\\\/tu-terraza-un-valor-agregado-en-tu-propiedad\\\/\",\"url\":\"https:\\\/\\\/proyectos253.com\\\/tu-terraza-un-valor-agregado-en-tu-propiedad\\\/\",\"name\":\"Tu terraza, un valor agregado en tu propiedad - Proyectos 253\",\"isPartOf\":{\"@id\":\"https:\\\/\\\/proyectos253.com\\\/#website\"},\"primaryImageOfPage\":{\"@id\":\"https:\\\/\\\/proyectos253.com\\\/tu-terraza-un-valor-agregado-en-tu-propiedad\\\/#primaryimage\"},\"image\":{\"@id\":\"https:\\\/\\\/proyectos253.com\\\/tu-terraza-un-valor-agregado-en-tu-propiedad\\\/#primaryimage\"},\"thumbnailUrl\":\"https:\\\/\\\/proyectos253.com\\\/wp-content\\\/uploads\\\/2025\\\/04\\\/P253-blog-16-abr.jpg\",\"datePublished\":\"2025-04-25T20:38:54+00:00\",\"description\":\"Elegir una casa con habitaci\u00f3n en planta baja te ofrece m\u00faltiples ventajas, que no solo mejoran la funcionalidad y comodidad del presente.\",\"breadcrumb\":{\"@id\":\"https:\\\/\\\/proyectos253.com\\\/tu-terraza-un-valor-agregado-en-tu-propiedad\\\/#breadcrumb\"},\"inLanguage\":\"en-US\",\"potentialAction\":[{\"@type\":\"ReadAction\",\"target\":[\"https:\\\/\\\/proyectos253.com\\\/tu-terraza-un-valor-agregado-en-tu-propiedad\\\/\"]}]},{\"@type\":\"ImageObject\",\"inLanguage\":\"en-US\",\"@id\":\"https:\\\/\\\/proyectos253.com\\\/tu-terraza-un-valor-agregado-en-tu-propiedad\\\/#primaryimage\",\"url\":\"https:\\\/\\\/proyectos253.com\\\/wp-content\\\/uploads\\\/2025\\\/04\\\/P253-blog-16-abr.jpg\",\"contentUrl\":\"https:\\\/\\\/proyectos253.com\\\/wp-content\\\/uploads\\\/2025\\\/04\\\/P253-blog-16-abr.jpg\",\"width\":751,\"height\":336},{\"@type\":\"BreadcrumbList\",\"@id\":\"https:\\\/\\\/proyectos253.com\\\/tu-terraza-un-valor-agregado-en-tu-propiedad\\\/#breadcrumb\",\"itemListElement\":[{\"@type\":\"ListItem\",\"position\":1,\"name\":\"Portada\",\"item\":\"https:\\\/\\\/proyectos253.com\\\/\"},{\"@type\":\"ListItem\",\"position\":2,\"name\":\"Tu terraza, un valor agregado en tu propiedad\"}]},{\"@type\":\"WebSite\",\"@id\":\"https:\\\/\\\/proyectos253.com\\\/#website\",\"url\":\"https:\\\/\\\/proyectos253.com\\\/\",\"name\":\"Proyectos 253\",\"description\":\"Somos una empresa desarrolladora de proyectos inmobiliarios y residenciales en Villahermosa.\",\"publisher\":{\"@id\":\"https:\\\/\\\/proyectos253.com\\\/#organization\"},\"alternateName\":\"Proyectos 253\",\"potentialAction\":[{\"@type\":\"SearchAction\",\"target\":{\"@type\":\"EntryPoint\",\"urlTemplate\":\"https:\\\/\\\/proyectos253.com\\\/?s={search_term_string}\"},\"query-input\":{\"@type\":\"PropertyValueSpecification\",\"valueRequired\":true,\"valueName\":\"search_term_string\"}}],\"inLanguage\":\"en-US\"},{\"@type\":\"Organization\",\"@id\":\"https:\\\/\\\/proyectos253.com\\\/#organization\",\"name\":\"Proyectos 253\",\"alternateName\":\"Proyectos 253\",\"url\":\"https:\\\/\\\/proyectos253.com\\\/\",\"logo\":{\"@type\":\"ImageObject\",\"inLanguage\":\"en-US\",\"@id\":\"https:\\\/\\\/proyectos253.com\\\/#\\\/schema\\\/logo\\\/image\\\/\",\"url\":\"https:\\\/\\\/proyectos253.com\\\/wp-content\\\/uploads\\\/2025\\\/11\\\/img02.png\",\"contentUrl\":\"https:\\\/\\\/proyectos253.com\\\/wp-content\\\/uploads\\\/2025\\\/11\\\/img02.png\",\"width\":696,\"height\":696,\"caption\":\"Proyectos 253\"},\"image\":{\"@id\":\"https:\\\/\\\/proyectos253.com\\\/#\\\/schema\\\/logo\\\/image\\\/\"},\"sameAs\":[\"https:\\\/\\\/www.facebook.com\\\/proyectos253mx\",\"https:\\\/\\\/www.instagram.com\\\/proyectos253mx\\\/\",\"https:\\\/\\\/www.linkedin.com\\\/company\\\/proyectos253mx\\\/\",\"https:\\\/\\\/www.youtube.com\\\/@proyectos253mx\",\"https:\\\/\\\/www.tiktok.com\\\/@proyectos253mx\"]},{\"@type\":\"Person\",\"@id\":\"https:\\\/\\\/proyectos253.com\\\/#\\\/schema\\\/person\\\/2b64211783edc73f2263186bfa8f5cc9\",\"name\":\"admin\",\"image\":{\"@type\":\"ImageObject\",\"inLanguage\":\"en-US\",\"@id\":\"https:\\\/\\\/secure.gravatar.com\\\/avatar\\\/1e6ff35258c1afc171057cbb6bd9783995368692788b58e5d21212d0736e0cfb?s=96&d=mm&r=g\",\"url\":\"https:\\\/\\\/secure.gravatar.com\\\/avatar\\\/1e6ff35258c1afc171057cbb6bd9783995368692788b58e5d21212d0736e0cfb?s=96&d=mm&r=g\",\"contentUrl\":\"https:\\\/\\\/secure.gravatar.com\\\/avatar\\\/1e6ff35258c1afc171057cbb6bd9783995368692788b58e5d21212d0736e0cfb?s=96&d=mm&r=g\",\"caption\":\"admin\"},\"sameAs\":[\"https:\\\/\\\/compassionate-volhard.209-46-125-22.plesk.page\"],\"url\":\"https:\\\/\\\/proyectos253.com\\\/en\\\/author\\\/mich_fid80l2g\\\/\"}]}<\/script>\n<!-- \/ Yoast SEO plugin. -->","yoast_head_json":{"title":"Tu terraza, un valor agregado en tu propiedad - Proyectos 253","description":"Elegir una casa con habitaci\u00f3n en planta baja te ofrece m\u00faltiples ventajas, que no solo mejoran la funcionalidad y comodidad del presente.","robots":{"index":"index","follow":"follow","max-snippet":"max-snippet:-1","max-image-preview":"max-image-preview:large","max-video-preview":"max-video-preview:-1"},"canonical":"https:\/\/proyectos253.com\/en\/tu-terraza-un-valor-agregado-en-tu-propiedad\/","og_locale":"en_US","og_type":"article","og_title":"Tu terraza, un valor agregado en tu propiedad - Proyectos 253","og_description":"Elegir una casa con habitaci\u00f3n en planta baja te ofrece m\u00faltiples ventajas, que no solo mejoran la funcionalidad y comodidad del presente.","og_url":"https:\/\/proyectos253.com\/en\/tu-terraza-un-valor-agregado-en-tu-propiedad\/","og_site_name":"Proyectos 253","article_publisher":"https:\/\/www.facebook.com\/proyectos253mx","article_published_time":"2025-04-25T20:38:54+00:00","og_image":[{"width":751,"height":336,"url":"https:\/\/proyectos253.com\/wp-content\/uploads\/2025\/04\/P253-blog-16-abr.jpg","type":"image\/jpeg"}],"author":"admin","twitter_card":"summary_large_image","twitter_misc":{"Written by":"admin","Est. reading time":"3 minutes"},"schema":{"@context":"https:\/\/schema.org","@graph":[{"@type":"Article","@id":"https:\/\/proyectos253.com\/tu-terraza-un-valor-agregado-en-tu-propiedad\/#article","isPartOf":{"@id":"https:\/\/proyectos253.com\/tu-terraza-un-valor-agregado-en-tu-propiedad\/"},"author":{"name":"admin","@id":"https:\/\/proyectos253.com\/#\/schema\/person\/2b64211783edc73f2263186bfa8f5cc9"},"headline":"Tu terraza, un valor agregado en tu propiedad","datePublished":"2025-04-25T20:38:54+00:00","mainEntityOfPage":{"@id":"https:\/\/proyectos253.com\/tu-terraza-un-valor-agregado-en-tu-propiedad\/"},"wordCount":458,"commentCount":0,"publisher":{"@id":"https:\/\/proyectos253.com\/#organization"},"image":{"@id":"https:\/\/proyectos253.com\/tu-terraza-un-valor-agregado-en-tu-propiedad\/#primaryimage"},"thumbnailUrl":"https:\/\/proyectos253.com\/wp-content\/uploads\/2025\/04\/P253-blog-16-abr.jpg","inLanguage":"en-US","potentialAction":[{"@type":"CommentAction","name":"Comment","target":["https:\/\/proyectos253.com\/tu-terraza-un-valor-agregado-en-tu-propiedad\/#respond"]}]},{"@type":"WebPage","@id":"https:\/\/proyectos253.com\/tu-terraza-un-valor-agregado-en-tu-propiedad\/","url":"https:\/\/proyectos253.com\/tu-terraza-un-valor-agregado-en-tu-propiedad\/","name":"Tu terraza, un valor agregado en tu propiedad - Proyectos 253","isPartOf":{"@id":"https:\/\/proyectos253.com\/#website"},"primaryImageOfPage":{"@id":"https:\/\/proyectos253.com\/tu-terraza-un-valor-agregado-en-tu-propiedad\/#primaryimage"},"image":{"@id":"https:\/\/proyectos253.com\/tu-terraza-un-valor-agregado-en-tu-propiedad\/#primaryimage"},"thumbnailUrl":"https:\/\/proyectos253.com\/wp-content\/uploads\/2025\/04\/P253-blog-16-abr.jpg","datePublished":"2025-04-25T20:38:54+00:00","description":"Elegir una casa con habitaci\u00f3n en planta baja te ofrece m\u00faltiples ventajas, que no solo mejoran la funcionalidad y comodidad del presente.","breadcrumb":{"@id":"https:\/\/proyectos253.com\/tu-terraza-un-valor-agregado-en-tu-propiedad\/#breadcrumb"},"inLanguage":"en-US","potentialAction":[{"@type":"ReadAction","target":["https:\/\/proyectos253.com\/tu-terraza-un-valor-agregado-en-tu-propiedad\/"]}]},{"@type":"ImageObject","inLanguage":"en-US","@id":"https:\/\/proyectos253.com\/tu-terraza-un-valor-agregado-en-tu-propiedad\/#primaryimage","url":"https:\/\/proyectos253.com\/wp-content\/uploads\/2025\/04\/P253-blog-16-abr.jpg","contentUrl":"https:\/\/proyectos253.com\/wp-content\/uploads\/2025\/04\/P253-blog-16-abr.jpg","width":751,"height":336},{"@type":"BreadcrumbList","@id":"https:\/\/proyectos253.com\/tu-terraza-un-valor-agregado-en-tu-propiedad\/#breadcrumb","itemListElement":[{"@type":"ListItem","position":1,"name":"Portada","item":"https:\/\/proyectos253.com\/"},{"@type":"ListItem","position":2,"name":"Tu terraza, un valor agregado en tu propiedad"}]},{"@type":"WebSite","@id":"https:\/\/proyectos253.com\/#website","url":"https:\/\/proyectos253.com\/","name":"Projects 253","description":"We are a real estate and residential development company in Villahermosa.","publisher":{"@id":"https:\/\/proyectos253.com\/#organization"},"alternateName":"Proyectos 253","potentialAction":[{"@type":"SearchAction","target":{"@type":"EntryPoint","urlTemplate":"https:\/\/proyectos253.com\/?s={search_term_string}"},"query-input":{"@type":"PropertyValueSpecification","valueRequired":true,"valueName":"search_term_string"}}],"inLanguage":"en-US"},{"@type":"Organization","@id":"https:\/\/proyectos253.com\/#organization","name":"Projects 253","alternateName":"Proyectos 253","url":"https:\/\/proyectos253.com\/","logo":{"@type":"ImageObject","inLanguage":"en-US","@id":"https:\/\/proyectos253.com\/#\/schema\/logo\/image\/","url":"https:\/\/proyectos253.com\/wp-content\/uploads\/2025\/11\/img02.png","contentUrl":"https:\/\/proyectos253.com\/wp-content\/uploads\/2025\/11\/img02.png","width":696,"height":696,"caption":"Proyectos 253"},"image":{"@id":"https:\/\/proyectos253.com\/#\/schema\/logo\/image\/"},"sameAs":["https:\/\/www.facebook.com\/proyectos253mx","https:\/\/www.instagram.com\/proyectos253mx\/","https:\/\/www.linkedin.com\/company\/proyectos253mx\/","https:\/\/www.youtube.com\/@proyectos253mx","https:\/\/www.tiktok.com\/@proyectos253mx"]},{"@type":"Person","@id":"https:\/\/proyectos253.com\/#\/schema\/person\/2b64211783edc73f2263186bfa8f5cc9","name":"admin","image":{"@type":"ImageObject","inLanguage":"en-US","@id":"https:\/\/secure.gravatar.com\/avatar\/1e6ff35258c1afc171057cbb6bd9783995368692788b58e5d21212d0736e0cfb?s=96&d=mm&r=g","url":"https:\/\/secure.gravatar.com\/avatar\/1e6ff35258c1afc171057cbb6bd9783995368692788b58e5d21212d0736e0cfb?s=96&d=mm&r=g","contentUrl":"https:\/\/secure.gravatar.com\/avatar\/1e6ff35258c1afc171057cbb6bd9783995368692788b58e5d21212d0736e0cfb?s=96&d=mm&r=g","caption":"admin"},"sameAs":["https:\/\/compassionate-volhard.209-46-125-22.plesk.page"],"url":"https:\/\/proyectos253.com\/en\/author\/mich_fid80l2g\/"}]}},"_links":{"self":[{"href":"https:\/\/proyectos253.com\/en\/wp-json\/wp\/v2\/posts\/6066","targetHints":{"allow":["GET"]}}],"collection":[{"href":"https:\/\/proyectos253.com\/en\/wp-json\/wp\/v2\/posts"}],"about":[{"href":"https:\/\/proyectos253.com\/en\/wp-json\/wp\/v2\/types\/post"}],"author":[{"embeddable":true,"href":"https:\/\/proyectos253.com\/en\/wp-json\/wp\/v2\/users\/1"}],"replies":[{"embeddable":true,"href":"https:\/\/proyectos253.com\/en\/wp-json\/wp\/v2\/comments?post=6066"}],"version-history":[{"count":0,"href":"https:\/\/proyectos253.com\/en\/wp-json\/wp\/v2\/posts\/6066\/revisions"}],"wp:featuredmedia":[{"embeddable":true,"href":"https:\/\/proyectos253.com\/en\/wp-json\/wp\/v2\/media\/6067"}],"wp:attachment":[{"href":"https:\/\/proyectos253.com\/en\/wp-json\/wp\/v2\/media?parent=6066"}],"wp:term":[{"taxonomy":"category","embeddable":true,"href":"https:\/\/proyectos253.com\/en\/wp-json\/wp\/v2\/categories?post=6066"},{"taxonomy":"post_tag","embeddable":true,"href":"https:\/\/proyectos253.com\/en\/wp-json\/wp\/v2\/tags?post=6066"}],"curies":[{"name":"wp","href":"https:\/\/api.w.org\/{rel}","templated":true}]}}